{"id":4851,"date":"2024-12-05T16:09:58","date_gmt":"2024-12-05T15:09:58","guid":{"rendered":"https:\/\/www.vasavind.se\/braknesbacken-wind-power-project-receives-environmental-permit\/"},"modified":"2024-12-05T16:17:07","modified_gmt":"2024-12-05T15:17:07","slug":"braknesbacken-wind-power-project-receives-environmental-permit","status":"publish","type":"post","link":"https:\/\/www.vasavind.se\/en\/braknesbacken-wind-power-project-receives-environmental-permit\/","title":{"rendered":"Br\u00e4knesbacken wind power project receives environmental permit"},"content":{"rendered":"\t\t<div data-elementor-type=\"wp-post\" data-elementor-id=\"4851\" class=\"elementor elementor-4851 elementor-4835\" data-elementor-post-type=\"post\">\n\t\t\t\t\t\t<section class=\"elementor-section elementor-top-section elementor-element elementor-element-96b72ba elementor-section-boxed elementor-section-height-default elementor-section-height-default\" data-id=\"96b72ba\" data-element_type=\"section\" data-e-type=\"section\">\n\t\t\t\t\t\t<div class=\"elementor-container elementor-column-gap-default\">\n\t\t\t\t\t<div class=\"elementor-column elementor-col-100 elementor-top-column elementor-element elementor-element-50eadb4\" data-id=\"50eadb4\" data-element_type=\"column\" data-e-type=\"column\">\n\t\t\t<div class=\"elementor-widget-wrap elementor-element-populated\">\n\t\t\t\t\t\t<div class=\"elementor-element elementor-element-a1770e5 elementor-widget elementor-widget-text-editor\" data-id=\"a1770e5\" data-element_type=\"widget\" data-e-type=\"widget\" data-widget_type=\"text-editor.default\">\n\t\t\t\t<div class=\"elementor-widget-container\">\n\t\t\t\t\t\t\t\t\t<p><strong>The County Administrative Board in Halland has on 2 December 2024 awarded an environmental permit for Vasa Vind&#8217;s wind power project Br\u00e4knesbacken in Halmstad municipality.<\/strong><\/p>\n<p>The decision grants permission for the construction of 10 wind turbines with a total height of 250 meters, corresponding to an output of about 70 MW and an energy production of approx. 250 GWh\/year. This corresponds to a doubling of the current electricity production in Halmstad municipality. <\/p>\n<p>Work to further develop the project for construction is now being intensified and will focus, among other things, on the connection to the regional electricity grid.<\/p>\n<p>&#8211; We are very pleased that through the Br\u00e4knesbacken wind power project we can contribute with large-scale electricity production in the region of Sweden that has the greatest need and the greatest power deficit, says Mattias Sj\u00f6berg, CEO of Vasa Vind.<\/p>\n<p>Vasa Vind&#8217;s strategy is to develop and invest in new wind farms, solar PV facilities and battery storage.<\/p>\n<\/p>\n<p>If you have any questions, please contact:<\/p>\n<\/p>\n<p>Mattias Sj\u00f6berg, CEO Vasa Vind<\/p>\n<p>mattias.sjoberg(at)vasavind.se<\/p>\n<p>070-618 69 76<\/p>\n\t\t\t\t\t\t\t\t<\/div>\n\t\t\t\t<\/div>\n\t\t\t\t\t<\/div>\n\t\t<\/div>\n\t\t\t\t\t<\/div>\n\t\t<\/section>\n\t\t\t\t<\/div>\n\t\t","protected":false},"excerpt":{"rendered":"<p>The County Administrative Board in Halland has on 2 December 2024 awarded an environmental permit for Vasa Vind&#8217;s wind power project Br\u00e4knesbacken in Halmstad municipality. The decision grants permission for the construction of 10 wind turbines with a total height of 250 meters, corresponding to an output of about 70 MW and an energy production [&hellip;]<\/p>\n","protected":false},"author":3,"featured_media":2729,"comment_status":"open","ping_status":"open","sticky":false,"template":"","format":"standard","meta":{"_acf_changed":false,"footnotes":""},"categories":[33],"tags":[],"class_list":["post-4851","post","type-post","status-publish","format-standard","has-post-thumbnail","hentry","category-news"],"acf":[],"yoast_head":"<!-- This site is optimized with the Yoast SEO plugin v27.3 - https:\/\/yoast.com\/product\/yoast-seo-wordpress\/ -->\n<title>Br\u00e4knesbacken wind power project receives environmental permit - Vasa Vind<\/title>\n<meta name=\"robots\" content=\"index, follow, max-snippet:-1, max-image-preview:large, max-video-preview:-1\" \/>\n<link rel=\"canonical\" href=\"https:\/\/www.vasavind.se\/en\/braknesbacken-wind-power-project-receives-environmental-permit\/\" \/>\n<meta property=\"og:locale\" content=\"en_US\" \/>\n<meta property=\"og:type\" content=\"article\" \/>\n<meta property=\"og:title\" content=\"Br\u00e4knesbacken wind power project receives environmental permit - Vasa Vind\" \/>\n<meta property=\"og:description\" content=\"The County Administrative Board in Halland has on 2 December 2024 awarded an environmental permit for Vasa Vind&#8217;s wind power project Br\u00e4knesbacken in Halmstad municipality. The decision grants permission for the construction of 10 wind turbines with a total height of 250 meters, corresponding to an output of about 70 MW and an energy production [&hellip;]\" \/>\n<meta property=\"og:url\" content=\"https:\/\/www.vasavind.se\/en\/braknesbacken-wind-power-project-receives-environmental-permit\/\" \/>\n<meta property=\"og:site_name\" content=\"Vasa Vind\" \/>\n<meta property=\"article:published_time\" content=\"2024-12-05T15:09:58+00:00\" \/>\n<meta property=\"article:modified_time\" content=\"2024-12-05T15:17:07+00:00\" \/>\n<meta property=\"og:image\" content=\"https:\/\/www.vasavind.se\/wp-content\/uploads\/2023\/09\/20.-Forslag-pa-omslagsbild-scaled.jpg\" \/>\n\t<meta property=\"og:image:width\" content=\"2560\" \/>\n\t<meta property=\"og:image:height\" content=\"1075\" \/>\n\t<meta property=\"og:image:type\" content=\"image\/jpeg\" \/>\n<meta name=\"author\" content=\"Anna Kuhlefelt\" \/>\n<meta name=\"twitter:card\" content=\"summary_large_image\" \/>\n<meta name=\"twitter:label1\" content=\"Written by\" \/>\n\t<meta name=\"twitter:data1\" content=\"Anna Kuhlefelt\" \/>\n\t<meta name=\"twitter:label2\" content=\"Est. reading time\" \/>\n\t<meta name=\"twitter:data2\" content=\"1 minute\" \/>\n<script type=\"application\/ld+json\" class=\"yoast-schema-graph\">{\"@context\":\"https:\\\/\\\/schema.org\",\"@graph\":[{\"@type\":\"Article\",\"@id\":\"https:\\\/\\\/www.vasavind.se\\\/en\\\/braknesbacken-wind-power-project-receives-environmental-permit\\\/#article\",\"isPartOf\":{\"@id\":\"https:\\\/\\\/www.vasavind.se\\\/en\\\/braknesbacken-wind-power-project-receives-environmental-permit\\\/\"},\"author\":{\"name\":\"Anna Kuhlefelt\",\"@id\":\"https:\\\/\\\/www.vasavind.se\\\/#\\\/schema\\\/person\\\/649fd5ba5ae61df18807ba5ee94a610a\"},\"headline\":\"Br\u00e4knesbacken wind power project receives environmental permit\",\"datePublished\":\"2024-12-05T15:09:58+00:00\",\"dateModified\":\"2024-12-05T15:17:07+00:00\",\"mainEntityOfPage\":{\"@id\":\"https:\\\/\\\/www.vasavind.se\\\/en\\\/braknesbacken-wind-power-project-receives-environmental-permit\\\/\"},\"wordCount\":184,\"commentCount\":0,\"publisher\":{\"@id\":\"https:\\\/\\\/www.vasavind.se\\\/#organization\"},\"image\":{\"@id\":\"https:\\\/\\\/www.vasavind.se\\\/en\\\/braknesbacken-wind-power-project-receives-environmental-permit\\\/#primaryimage\"},\"thumbnailUrl\":\"https:\\\/\\\/www.vasavind.se\\\/wp-content\\\/uploads\\\/2023\\\/09\\\/20.-Forslag-pa-omslagsbild-scaled.jpg\",\"articleSection\":[\"News\"],\"inLanguage\":\"en-US\"},{\"@type\":\"WebPage\",\"@id\":\"https:\\\/\\\/www.vasavind.se\\\/en\\\/braknesbacken-wind-power-project-receives-environmental-permit\\\/\",\"url\":\"https:\\\/\\\/www.vasavind.se\\\/en\\\/braknesbacken-wind-power-project-receives-environmental-permit\\\/\",\"name\":\"Br\u00e4knesbacken wind power project receives environmental permit - Vasa Vind\",\"isPartOf\":{\"@id\":\"https:\\\/\\\/www.vasavind.se\\\/#website\"},\"primaryImageOfPage\":{\"@id\":\"https:\\\/\\\/www.vasavind.se\\\/en\\\/braknesbacken-wind-power-project-receives-environmental-permit\\\/#primaryimage\"},\"image\":{\"@id\":\"https:\\\/\\\/www.vasavind.se\\\/en\\\/braknesbacken-wind-power-project-receives-environmental-permit\\\/#primaryimage\"},\"thumbnailUrl\":\"https:\\\/\\\/www.vasavind.se\\\/wp-content\\\/uploads\\\/2023\\\/09\\\/20.-Forslag-pa-omslagsbild-scaled.jpg\",\"datePublished\":\"2024-12-05T15:09:58+00:00\",\"dateModified\":\"2024-12-05T15:17:07+00:00\",\"breadcrumb\":{\"@id\":\"https:\\\/\\\/www.vasavind.se\\\/en\\\/braknesbacken-wind-power-project-receives-environmental-permit\\\/#breadcrumb\"},\"inLanguage\":\"en-US\",\"potentialAction\":[{\"@type\":\"ReadAction\",\"target\":[\"https:\\\/\\\/www.vasavind.se\\\/en\\\/braknesbacken-wind-power-project-receives-environmental-permit\\\/\"]}]},{\"@type\":\"ImageObject\",\"inLanguage\":\"en-US\",\"@id\":\"https:\\\/\\\/www.vasavind.se\\\/en\\\/braknesbacken-wind-power-project-receives-environmental-permit\\\/#primaryimage\",\"url\":\"https:\\\/\\\/www.vasavind.se\\\/wp-content\\\/uploads\\\/2023\\\/09\\\/20.-Forslag-pa-omslagsbild-scaled.jpg\",\"contentUrl\":\"https:\\\/\\\/www.vasavind.se\\\/wp-content\\\/uploads\\\/2023\\\/09\\\/20.-Forslag-pa-omslagsbild-scaled.jpg\",\"width\":2560,\"height\":1075},{\"@type\":\"BreadcrumbList\",\"@id\":\"https:\\\/\\\/www.vasavind.se\\\/en\\\/braknesbacken-wind-power-project-receives-environmental-permit\\\/#breadcrumb\",\"itemListElement\":[{\"@type\":\"ListItem\",\"position\":1,\"name\":\"Hem\",\"item\":\"https:\\\/\\\/www.vasavind.se\\\/en\\\/vasa-vind\\\/\"},{\"@type\":\"ListItem\",\"position\":2,\"name\":\"Br\u00e4knesbacken wind power project receives environmental permit\"}]},{\"@type\":\"WebSite\",\"@id\":\"https:\\\/\\\/www.vasavind.se\\\/#website\",\"url\":\"https:\\\/\\\/www.vasavind.se\\\/\",\"name\":\"Vasa Vind\",\"description\":\"F\u00f6rnybar energi f\u00f6r en h\u00e5llbar framtid\",\"publisher\":{\"@id\":\"https:\\\/\\\/www.vasavind.se\\\/#organization\"},\"potentialAction\":[{\"@type\":\"SearchAction\",\"target\":{\"@type\":\"EntryPoint\",\"urlTemplate\":\"https:\\\/\\\/www.vasavind.se\\\/?s={search_term_string}\"},\"query-input\":{\"@type\":\"PropertyValueSpecification\",\"valueRequired\":true,\"valueName\":\"search_term_string\"}}],\"inLanguage\":\"en-US\"},{\"@type\":\"Organization\",\"@id\":\"https:\\\/\\\/www.vasavind.se\\\/#organization\",\"name\":\"Vasa Vind\",\"url\":\"https:\\\/\\\/www.vasavind.se\\\/\",\"logo\":{\"@type\":\"ImageObject\",\"inLanguage\":\"en-US\",\"@id\":\"https:\\\/\\\/www.vasavind.se\\\/#\\\/schema\\\/logo\\\/image\\\/\",\"url\":\"https:\\\/\\\/www.vasavind.se\\\/wp-content\\\/uploads\\\/2023\\\/09\\\/vasavind.png\",\"contentUrl\":\"https:\\\/\\\/www.vasavind.se\\\/wp-content\\\/uploads\\\/2023\\\/09\\\/vasavind.png\",\"width\":1063,\"height\":368,\"caption\":\"Vasa Vind\"},\"image\":{\"@id\":\"https:\\\/\\\/www.vasavind.se\\\/#\\\/schema\\\/logo\\\/image\\\/\"}},{\"@type\":\"Person\",\"@id\":\"https:\\\/\\\/www.vasavind.se\\\/#\\\/schema\\\/person\\\/649fd5ba5ae61df18807ba5ee94a610a\",\"name\":\"Anna Kuhlefelt\",\"image\":{\"@type\":\"ImageObject\",\"inLanguage\":\"en-US\",\"@id\":\"https:\\\/\\\/secure.gravatar.com\\\/avatar\\\/2d639f70859fbaef2e6da946502f421d52a45e9230e81ee40bb62829c2ce2069?s=96&d=mm&r=g\",\"url\":\"https:\\\/\\\/secure.gravatar.com\\\/avatar\\\/2d639f70859fbaef2e6da946502f421d52a45e9230e81ee40bb62829c2ce2069?s=96&d=mm&r=g\",\"contentUrl\":\"https:\\\/\\\/secure.gravatar.com\\\/avatar\\\/2d639f70859fbaef2e6da946502f421d52a45e9230e81ee40bb62829c2ce2069?s=96&d=mm&r=g\",\"caption\":\"Anna Kuhlefelt\"},\"sameAs\":[\"https:\\\/\\\/www.vasavind.se\"]}]}<\/script>\n<!-- \/ Yoast SEO plugin. -->","yoast_head_json":{"title":"Br\u00e4knesbacken wind power project receives environmental permit - Vasa Vind","robots":{"index":"index","follow":"follow","max-snippet":"max-snippet:-1","max-image-preview":"max-image-preview:large","max-video-preview":"max-video-preview:-1"},"canonical":"https:\/\/www.vasavind.se\/en\/braknesbacken-wind-power-project-receives-environmental-permit\/","og_locale":"en_US","og_type":"article","og_title":"Br\u00e4knesbacken wind power project receives environmental permit - Vasa Vind","og_description":"The County Administrative Board in Halland has on 2 December 2024 awarded an environmental permit for Vasa Vind&#8217;s wind power project Br\u00e4knesbacken in Halmstad municipality. The decision grants permission for the construction of 10 wind turbines with a total height of 250 meters, corresponding to an output of about 70 MW and an energy production [&hellip;]","og_url":"https:\/\/www.vasavind.se\/en\/braknesbacken-wind-power-project-receives-environmental-permit\/","og_site_name":"Vasa Vind","article_published_time":"2024-12-05T15:09:58+00:00","article_modified_time":"2024-12-05T15:17:07+00:00","og_image":[{"width":2560,"height":1075,"url":"https:\/\/www.vasavind.se\/wp-content\/uploads\/2023\/09\/20.-Forslag-pa-omslagsbild-scaled.jpg","type":"image\/jpeg"}],"author":"Anna Kuhlefelt","twitter_card":"summary_large_image","twitter_misc":{"Written by":"Anna Kuhlefelt","Est. reading time":"1 minute"},"schema":{"@context":"https:\/\/schema.org","@graph":[{"@type":"Article","@id":"https:\/\/www.vasavind.se\/en\/braknesbacken-wind-power-project-receives-environmental-permit\/#article","isPartOf":{"@id":"https:\/\/www.vasavind.se\/en\/braknesbacken-wind-power-project-receives-environmental-permit\/"},"author":{"name":"Anna Kuhlefelt","@id":"https:\/\/www.vasavind.se\/#\/schema\/person\/649fd5ba5ae61df18807ba5ee94a610a"},"headline":"Br\u00e4knesbacken wind power project receives environmental permit","datePublished":"2024-12-05T15:09:58+00:00","dateModified":"2024-12-05T15:17:07+00:00","mainEntityOfPage":{"@id":"https:\/\/www.vasavind.se\/en\/braknesbacken-wind-power-project-receives-environmental-permit\/"},"wordCount":184,"commentCount":0,"publisher":{"@id":"https:\/\/www.vasavind.se\/#organization"},"image":{"@id":"https:\/\/www.vasavind.se\/en\/braknesbacken-wind-power-project-receives-environmental-permit\/#primaryimage"},"thumbnailUrl":"https:\/\/www.vasavind.se\/wp-content\/uploads\/2023\/09\/20.-Forslag-pa-omslagsbild-scaled.jpg","articleSection":["News"],"inLanguage":"en-US"},{"@type":"WebPage","@id":"https:\/\/www.vasavind.se\/en\/braknesbacken-wind-power-project-receives-environmental-permit\/","url":"https:\/\/www.vasavind.se\/en\/braknesbacken-wind-power-project-receives-environmental-permit\/","name":"Br\u00e4knesbacken wind power project receives environmental permit - Vasa Vind","isPartOf":{"@id":"https:\/\/www.vasavind.se\/#website"},"primaryImageOfPage":{"@id":"https:\/\/www.vasavind.se\/en\/braknesbacken-wind-power-project-receives-environmental-permit\/#primaryimage"},"image":{"@id":"https:\/\/www.vasavind.se\/en\/braknesbacken-wind-power-project-receives-environmental-permit\/#primaryimage"},"thumbnailUrl":"https:\/\/www.vasavind.se\/wp-content\/uploads\/2023\/09\/20.-Forslag-pa-omslagsbild-scaled.jpg","datePublished":"2024-12-05T15:09:58+00:00","dateModified":"2024-12-05T15:17:07+00:00","breadcrumb":{"@id":"https:\/\/www.vasavind.se\/en\/braknesbacken-wind-power-project-receives-environmental-permit\/#breadcrumb"},"inLanguage":"en-US","potentialAction":[{"@type":"ReadAction","target":["https:\/\/www.vasavind.se\/en\/braknesbacken-wind-power-project-receives-environmental-permit\/"]}]},{"@type":"ImageObject","inLanguage":"en-US","@id":"https:\/\/www.vasavind.se\/en\/braknesbacken-wind-power-project-receives-environmental-permit\/#primaryimage","url":"https:\/\/www.vasavind.se\/wp-content\/uploads\/2023\/09\/20.-Forslag-pa-omslagsbild-scaled.jpg","contentUrl":"https:\/\/www.vasavind.se\/wp-content\/uploads\/2023\/09\/20.-Forslag-pa-omslagsbild-scaled.jpg","width":2560,"height":1075},{"@type":"BreadcrumbList","@id":"https:\/\/www.vasavind.se\/en\/braknesbacken-wind-power-project-receives-environmental-permit\/#breadcrumb","itemListElement":[{"@type":"ListItem","position":1,"name":"Hem","item":"https:\/\/www.vasavind.se\/en\/vasa-vind\/"},{"@type":"ListItem","position":2,"name":"Br\u00e4knesbacken wind power project receives environmental permit"}]},{"@type":"WebSite","@id":"https:\/\/www.vasavind.se\/#website","url":"https:\/\/www.vasavind.se\/","name":"Vasa Vind","description":"F\u00f6rnybar energi f\u00f6r en h\u00e5llbar framtid","publisher":{"@id":"https:\/\/www.vasavind.se\/#organization"},"potentialAction":[{"@type":"SearchAction","target":{"@type":"EntryPoint","urlTemplate":"https:\/\/www.vasavind.se\/?s={search_term_string}"},"query-input":{"@type":"PropertyValueSpecification","valueRequired":true,"valueName":"search_term_string"}}],"inLanguage":"en-US"},{"@type":"Organization","@id":"https:\/\/www.vasavind.se\/#organization","name":"Vasa Vind","url":"https:\/\/www.vasavind.se\/","logo":{"@type":"ImageObject","inLanguage":"en-US","@id":"https:\/\/www.vasavind.se\/#\/schema\/logo\/image\/","url":"https:\/\/www.vasavind.se\/wp-content\/uploads\/2023\/09\/vasavind.png","contentUrl":"https:\/\/www.vasavind.se\/wp-content\/uploads\/2023\/09\/vasavind.png","width":1063,"height":368,"caption":"Vasa Vind"},"image":{"@id":"https:\/\/www.vasavind.se\/#\/schema\/logo\/image\/"}},{"@type":"Person","@id":"https:\/\/www.vasavind.se\/#\/schema\/person\/649fd5ba5ae61df18807ba5ee94a610a","name":"Anna Kuhlefelt","image":{"@type":"ImageObject","inLanguage":"en-US","@id":"https:\/\/secure.gravatar.com\/avatar\/2d639f70859fbaef2e6da946502f421d52a45e9230e81ee40bb62829c2ce2069?s=96&d=mm&r=g","url":"https:\/\/secure.gravatar.com\/avatar\/2d639f70859fbaef2e6da946502f421d52a45e9230e81ee40bb62829c2ce2069?s=96&d=mm&r=g","contentUrl":"https:\/\/secure.gravatar.com\/avatar\/2d639f70859fbaef2e6da946502f421d52a45e9230e81ee40bb62829c2ce2069?s=96&d=mm&r=g","caption":"Anna Kuhlefelt"},"sameAs":["https:\/\/www.vasavind.se"]}]}},"_links":{"self":[{"href":"https:\/\/www.vasavind.se\/en\/wp-json\/wp\/v2\/posts\/4851","targetHints":{"allow":["GET"]}}],"collection":[{"href":"https:\/\/www.vasavind.se\/en\/wp-json\/wp\/v2\/posts"}],"about":[{"href":"https:\/\/www.vasavind.se\/en\/wp-json\/wp\/v2\/types\/post"}],"author":[{"embeddable":true,"href":"https:\/\/www.vasavind.se\/en\/wp-json\/wp\/v2\/users\/3"}],"replies":[{"embeddable":true,"href":"https:\/\/www.vasavind.se\/en\/wp-json\/wp\/v2\/comments?post=4851"}],"version-history":[{"count":1,"href":"https:\/\/www.vasavind.se\/en\/wp-json\/wp\/v2\/posts\/4851\/revisions"}],"predecessor-version":[{"id":4852,"href":"https:\/\/www.vasavind.se\/en\/wp-json\/wp\/v2\/posts\/4851\/revisions\/4852"}],"wp:featuredmedia":[{"embeddable":true,"href":"https:\/\/www.vasavind.se\/en\/wp-json\/wp\/v2\/media\/2729"}],"wp:attachment":[{"href":"https:\/\/www.vasavind.se\/en\/wp-json\/wp\/v2\/media?parent=4851"}],"wp:term":[{"taxonomy":"category","embeddable":true,"href":"https:\/\/www.vasavind.se\/en\/wp-json\/wp\/v2\/categories?post=4851"},{"taxonomy":"post_tag","embeddable":true,"href":"https:\/\/www.vasavind.se\/en\/wp-json\/wp\/v2\/tags?post=4851"}],"curies":[{"name":"wp","href":"https:\/\/api.w.org\/{rel}","templated":true}]}}