{"id":3600,"date":"2020-04-21T11:11:19","date_gmt":"2020-04-21T09:11:19","guid":{"rendered":"https:\/\/www.vasavind.se\/?p=3600"},"modified":"2024-01-30T16:24:09","modified_gmt":"2024-01-30T15:24:09","slug":"vasa-vind-commissions-askalen-wind-farm","status":"publish","type":"post","link":"https:\/\/www.vasavind.se\/en\/vasa-vind-commissions-askalen-wind-farm\/","title":{"rendered":"Vasa Vind commissions \u00c5sk\u00e4len wind farm"},"content":{"rendered":"<p><b><span data-contrast=\"auto\">Vasa Vind has together with Dutch pension fund manager APG and London based Asper Investment Management recently commissioned the \u00c5sk\u00e4len wind farm in J\u00e4mtland county. With an installed capacity of 288 MW it is one of the largest onshore wind farms in Sweden and in Europe. The annual production amounts to nearly 1 TWh, which corresponds to the annual consumption of household electricity for more than 175,000 households.\u00a0<\/span><\/b><span data-ccp-props=\"{&quot;201341983&quot;:0,&quot;335559739&quot;:160,&quot;335559740&quot;:259}\">\u00a0<\/span><\/p>\n<p><span data-contrast=\"auto\">The wind farm consists of 80 Vestas V136 3.6MW turbines. Vasa Vind has since the project was acquired continued development and optimization of the \u00c5sk\u00e4len wind farm, managed the construction works and will during operations also be responsible for the technical and economical management. In the same area, Vasa Vind last year also commissioned the Munkfloh\u00f6gen wind farm comprising 23 turbines.<\/span><span data-ccp-props=\"{&quot;201341983&quot;:0,&quot;335559739&quot;:160,&quot;335559740&quot;:259}\">\u00a0<\/span><\/p>\n<p><span data-contrast=\"auto\">\u201dWe are very happy to now take the project into operations together with APG and Asper. The project has benefitted from strong local support thanks to Vasa Vind\u2019s engagement and approximately 160 annual jobs was created locally and regionally during the construction phase. We have through competence and experienced co-workers been able to deliver a complex infrastructure project, involving many different stakeholders, in accordance with plan\u201d, says Annette Eriksson, former CEO of Vasa Vind and today Senior Advisor to the Board.<\/span><span data-ccp-props=\"{&quot;201341983&quot;:0,&quot;335559739&quot;:160,&quot;335559740&quot;:259}\">\u00a0<\/span><\/p>\n<p><span data-contrast=\"auto\">Wind power will also going forward play a crucial part in the transition to a more renewable energy mix.\u00a0<\/span><span data-ccp-props=\"{&quot;201341983&quot;:0,&quot;335559739&quot;:160,&quot;335559740&quot;:259}\">\u00a0<\/span><\/p>\n<p><span data-contrast=\"auto\">\u201cVasa Vind continues to grow and is always looking for exciting new projects where the aim is to repeat the successes we have had with Munkfloh\u00f6gen and \u00c5sk\u00e4len. Focus will continuously be on high quality projects with a low cost of energy\u201d, says Patrik Idvall, Senior Manager Business Development at Vasa Vind.\u00a0<\/span><span data-ccp-props=\"{&quot;201341983&quot;:0,&quot;335559739&quot;:0,&quot;335559740&quot;:259}\">\u00a0<\/span><\/p>\n","protected":false},"excerpt":{"rendered":"<p>Vasa Vind has together with Dutch pension fund manager APG and London based Asper Investment Management recently commissioned the \u00c5sk\u00e4len wind farm in J\u00e4mtland county. With an installed capacity of 288 MW it is one of the largest onshore wind farms in Sweden and in Europe. The annual production amounts to nearly 1 TWh, which [&hellip;]<\/p>\n","protected":false},"author":3,"featured_media":3003,"comment_status":"open","ping_status":"open","sticky":false,"template":"","format":"standard","meta":{"_acf_changed":false,"footnotes":""},"categories":[34],"tags":[],"class_list":["post-3600","post","type-post","status-publish","format-standard","has-post-thumbnail","hentry","category-press-release"],"acf":[],"yoast_head":"<!-- This site is optimized with the Yoast SEO plugin v27.3 - https:\/\/yoast.com\/product\/yoast-seo-wordpress\/ -->\n<title>Vasa Vind commissions \u00c5sk\u00e4len wind farm - Vasa Vind<\/title>\n<meta name=\"robots\" content=\"index, follow, max-snippet:-1, max-image-preview:large, max-video-preview:-1\" \/>\n<link rel=\"canonical\" href=\"https:\/\/www.vasavind.se\/en\/vasa-vind-commissions-askalen-wind-farm\/\" \/>\n<meta property=\"og:locale\" content=\"en_US\" \/>\n<meta property=\"og:type\" content=\"article\" \/>\n<meta property=\"og:title\" content=\"Vasa Vind commissions \u00c5sk\u00e4len wind farm - Vasa Vind\" \/>\n<meta property=\"og:description\" content=\"Vasa Vind has together with Dutch pension fund manager APG and London based Asper Investment Management recently commissioned the \u00c5sk\u00e4len wind farm in J\u00e4mtland county. With an installed capacity of 288 MW it is one of the largest onshore wind farms in Sweden and in Europe. The annual production amounts to nearly 1 TWh, which [&hellip;]\" \/>\n<meta property=\"og:url\" content=\"https:\/\/www.vasavind.se\/en\/vasa-vind-commissions-askalen-wind-farm\/\" \/>\n<meta property=\"og:site_name\" content=\"Vasa Vind\" \/>\n<meta property=\"article:published_time\" content=\"2020-04-21T09:11:19+00:00\" \/>\n<meta property=\"article:modified_time\" content=\"2024-01-30T15:24:09+00:00\" \/>\n<meta property=\"og:image\" content=\"https:\/\/www.vasavind.se\/wp-content\/uploads\/2023\/09\/Askalen_Munkflohogen5-1-scaled.jpg\" \/>\n\t<meta property=\"og:image:width\" content=\"2560\" \/>\n\t<meta property=\"og:image:height\" content=\"1662\" \/>\n\t<meta property=\"og:image:type\" content=\"image\/jpeg\" \/>\n<meta name=\"author\" content=\"Anna Kuhlefelt\" \/>\n<meta name=\"twitter:card\" content=\"summary_large_image\" \/>\n<meta name=\"twitter:label1\" content=\"Written by\" \/>\n\t<meta name=\"twitter:data1\" content=\"Anna Kuhlefelt\" \/>\n\t<meta name=\"twitter:label2\" content=\"Est. reading time\" \/>\n\t<meta name=\"twitter:data2\" content=\"2 minutes\" \/>\n<script type=\"application\/ld+json\" class=\"yoast-schema-graph\">{\"@context\":\"https:\\\/\\\/schema.org\",\"@graph\":[{\"@type\":\"Article\",\"@id\":\"https:\\\/\\\/www.vasavind.se\\\/en\\\/vasa-vind-commissions-askalen-wind-farm\\\/#article\",\"isPartOf\":{\"@id\":\"https:\\\/\\\/www.vasavind.se\\\/en\\\/vasa-vind-commissions-askalen-wind-farm\\\/\"},\"author\":{\"name\":\"Anna Kuhlefelt\",\"@id\":\"https:\\\/\\\/www.vasavind.se\\\/#\\\/schema\\\/person\\\/649fd5ba5ae61df18807ba5ee94a610a\"},\"headline\":\"Vasa Vind commissions \u00c5sk\u00e4len wind farm\",\"datePublished\":\"2020-04-21T09:11:19+00:00\",\"dateModified\":\"2024-01-30T15:24:09+00:00\",\"mainEntityOfPage\":{\"@id\":\"https:\\\/\\\/www.vasavind.se\\\/en\\\/vasa-vind-commissions-askalen-wind-farm\\\/\"},\"wordCount\":289,\"commentCount\":0,\"publisher\":{\"@id\":\"https:\\\/\\\/www.vasavind.se\\\/#organization\"},\"image\":{\"@id\":\"https:\\\/\\\/www.vasavind.se\\\/en\\\/vasa-vind-commissions-askalen-wind-farm\\\/#primaryimage\"},\"thumbnailUrl\":\"https:\\\/\\\/www.vasavind.se\\\/wp-content\\\/uploads\\\/2023\\\/09\\\/Askalen_Munkflohogen5-1-scaled.jpg\",\"articleSection\":[\"Press release\"],\"inLanguage\":\"en-US\"},{\"@type\":\"WebPage\",\"@id\":\"https:\\\/\\\/www.vasavind.se\\\/en\\\/vasa-vind-commissions-askalen-wind-farm\\\/\",\"url\":\"https:\\\/\\\/www.vasavind.se\\\/en\\\/vasa-vind-commissions-askalen-wind-farm\\\/\",\"name\":\"Vasa Vind commissions \u00c5sk\u00e4len wind farm - Vasa Vind\",\"isPartOf\":{\"@id\":\"https:\\\/\\\/www.vasavind.se\\\/#website\"},\"primaryImageOfPage\":{\"@id\":\"https:\\\/\\\/www.vasavind.se\\\/en\\\/vasa-vind-commissions-askalen-wind-farm\\\/#primaryimage\"},\"image\":{\"@id\":\"https:\\\/\\\/www.vasavind.se\\\/en\\\/vasa-vind-commissions-askalen-wind-farm\\\/#primaryimage\"},\"thumbnailUrl\":\"https:\\\/\\\/www.vasavind.se\\\/wp-content\\\/uploads\\\/2023\\\/09\\\/Askalen_Munkflohogen5-1-scaled.jpg\",\"datePublished\":\"2020-04-21T09:11:19+00:00\",\"dateModified\":\"2024-01-30T15:24:09+00:00\",\"breadcrumb\":{\"@id\":\"https:\\\/\\\/www.vasavind.se\\\/en\\\/vasa-vind-commissions-askalen-wind-farm\\\/#breadcrumb\"},\"inLanguage\":\"en-US\",\"potentialAction\":[{\"@type\":\"ReadAction\",\"target\":[\"https:\\\/\\\/www.vasavind.se\\\/en\\\/vasa-vind-commissions-askalen-wind-farm\\\/\"]}]},{\"@type\":\"ImageObject\",\"inLanguage\":\"en-US\",\"@id\":\"https:\\\/\\\/www.vasavind.se\\\/en\\\/vasa-vind-commissions-askalen-wind-farm\\\/#primaryimage\",\"url\":\"https:\\\/\\\/www.vasavind.se\\\/wp-content\\\/uploads\\\/2023\\\/09\\\/Askalen_Munkflohogen5-1-scaled.jpg\",\"contentUrl\":\"https:\\\/\\\/www.vasavind.se\\\/wp-content\\\/uploads\\\/2023\\\/09\\\/Askalen_Munkflohogen5-1-scaled.jpg\",\"width\":2560,\"height\":1662},{\"@type\":\"BreadcrumbList\",\"@id\":\"https:\\\/\\\/www.vasavind.se\\\/en\\\/vasa-vind-commissions-askalen-wind-farm\\\/#breadcrumb\",\"itemListElement\":[{\"@type\":\"ListItem\",\"position\":1,\"name\":\"Hem\",\"item\":\"https:\\\/\\\/www.vasavind.se\\\/en\\\/vasa-vind\\\/\"},{\"@type\":\"ListItem\",\"position\":2,\"name\":\"Vasa Vind commissions \u00c5sk\u00e4len wind farm\"}]},{\"@type\":\"WebSite\",\"@id\":\"https:\\\/\\\/www.vasavind.se\\\/#website\",\"url\":\"https:\\\/\\\/www.vasavind.se\\\/\",\"name\":\"Vasa Vind\",\"description\":\"F\u00f6rnybar energi f\u00f6r en h\u00e5llbar framtid\",\"publisher\":{\"@id\":\"https:\\\/\\\/www.vasavind.se\\\/#organization\"},\"potentialAction\":[{\"@type\":\"SearchAction\",\"target\":{\"@type\":\"EntryPoint\",\"urlTemplate\":\"https:\\\/\\\/www.vasavind.se\\\/?s={search_term_string}\"},\"query-input\":{\"@type\":\"PropertyValueSpecification\",\"valueRequired\":true,\"valueName\":\"search_term_string\"}}],\"inLanguage\":\"en-US\"},{\"@type\":\"Organization\",\"@id\":\"https:\\\/\\\/www.vasavind.se\\\/#organization\",\"name\":\"Vasa Vind\",\"url\":\"https:\\\/\\\/www.vasavind.se\\\/\",\"logo\":{\"@type\":\"ImageObject\",\"inLanguage\":\"en-US\",\"@id\":\"https:\\\/\\\/www.vasavind.se\\\/#\\\/schema\\\/logo\\\/image\\\/\",\"url\":\"https:\\\/\\\/www.vasavind.se\\\/wp-content\\\/uploads\\\/2023\\\/09\\\/vasavind.png\",\"contentUrl\":\"https:\\\/\\\/www.vasavind.se\\\/wp-content\\\/uploads\\\/2023\\\/09\\\/vasavind.png\",\"width\":1063,\"height\":368,\"caption\":\"Vasa Vind\"},\"image\":{\"@id\":\"https:\\\/\\\/www.vasavind.se\\\/#\\\/schema\\\/logo\\\/image\\\/\"}},{\"@type\":\"Person\",\"@id\":\"https:\\\/\\\/www.vasavind.se\\\/#\\\/schema\\\/person\\\/649fd5ba5ae61df18807ba5ee94a610a\",\"name\":\"Anna Kuhlefelt\",\"image\":{\"@type\":\"ImageObject\",\"inLanguage\":\"en-US\",\"@id\":\"https:\\\/\\\/secure.gravatar.com\\\/avatar\\\/2d639f70859fbaef2e6da946502f421d52a45e9230e81ee40bb62829c2ce2069?s=96&d=mm&r=g\",\"url\":\"https:\\\/\\\/secure.gravatar.com\\\/avatar\\\/2d639f70859fbaef2e6da946502f421d52a45e9230e81ee40bb62829c2ce2069?s=96&d=mm&r=g\",\"contentUrl\":\"https:\\\/\\\/secure.gravatar.com\\\/avatar\\\/2d639f70859fbaef2e6da946502f421d52a45e9230e81ee40bb62829c2ce2069?s=96&d=mm&r=g\",\"caption\":\"Anna Kuhlefelt\"},\"sameAs\":[\"https:\\\/\\\/www.vasavind.se\"]}]}<\/script>\n<!-- \/ Yoast SEO plugin. -->","yoast_head_json":{"title":"Vasa Vind commissions \u00c5sk\u00e4len wind farm - Vasa Vind","robots":{"index":"index","follow":"follow","max-snippet":"max-snippet:-1","max-image-preview":"max-image-preview:large","max-video-preview":"max-video-preview:-1"},"canonical":"https:\/\/www.vasavind.se\/en\/vasa-vind-commissions-askalen-wind-farm\/","og_locale":"en_US","og_type":"article","og_title":"Vasa Vind commissions \u00c5sk\u00e4len wind farm - Vasa Vind","og_description":"Vasa Vind has together with Dutch pension fund manager APG and London based Asper Investment Management recently commissioned the \u00c5sk\u00e4len wind farm in J\u00e4mtland county. With an installed capacity of 288 MW it is one of the largest onshore wind farms in Sweden and in Europe. The annual production amounts to nearly 1 TWh, which [&hellip;]","og_url":"https:\/\/www.vasavind.se\/en\/vasa-vind-commissions-askalen-wind-farm\/","og_site_name":"Vasa Vind","article_published_time":"2020-04-21T09:11:19+00:00","article_modified_time":"2024-01-30T15:24:09+00:00","og_image":[{"width":2560,"height":1662,"url":"https:\/\/www.vasavind.se\/wp-content\/uploads\/2023\/09\/Askalen_Munkflohogen5-1-scaled.jpg","type":"image\/jpeg"}],"author":"Anna Kuhlefelt","twitter_card":"summary_large_image","twitter_misc":{"Written by":"Anna Kuhlefelt","Est. reading time":"2 minutes"},"schema":{"@context":"https:\/\/schema.org","@graph":[{"@type":"Article","@id":"https:\/\/www.vasavind.se\/en\/vasa-vind-commissions-askalen-wind-farm\/#article","isPartOf":{"@id":"https:\/\/www.vasavind.se\/en\/vasa-vind-commissions-askalen-wind-farm\/"},"author":{"name":"Anna Kuhlefelt","@id":"https:\/\/www.vasavind.se\/#\/schema\/person\/649fd5ba5ae61df18807ba5ee94a610a"},"headline":"Vasa Vind commissions \u00c5sk\u00e4len wind farm","datePublished":"2020-04-21T09:11:19+00:00","dateModified":"2024-01-30T15:24:09+00:00","mainEntityOfPage":{"@id":"https:\/\/www.vasavind.se\/en\/vasa-vind-commissions-askalen-wind-farm\/"},"wordCount":289,"commentCount":0,"publisher":{"@id":"https:\/\/www.vasavind.se\/#organization"},"image":{"@id":"https:\/\/www.vasavind.se\/en\/vasa-vind-commissions-askalen-wind-farm\/#primaryimage"},"thumbnailUrl":"https:\/\/www.vasavind.se\/wp-content\/uploads\/2023\/09\/Askalen_Munkflohogen5-1-scaled.jpg","articleSection":["Press release"],"inLanguage":"en-US"},{"@type":"WebPage","@id":"https:\/\/www.vasavind.se\/en\/vasa-vind-commissions-askalen-wind-farm\/","url":"https:\/\/www.vasavind.se\/en\/vasa-vind-commissions-askalen-wind-farm\/","name":"Vasa Vind commissions \u00c5sk\u00e4len wind farm - Vasa Vind","isPartOf":{"@id":"https:\/\/www.vasavind.se\/#website"},"primaryImageOfPage":{"@id":"https:\/\/www.vasavind.se\/en\/vasa-vind-commissions-askalen-wind-farm\/#primaryimage"},"image":{"@id":"https:\/\/www.vasavind.se\/en\/vasa-vind-commissions-askalen-wind-farm\/#primaryimage"},"thumbnailUrl":"https:\/\/www.vasavind.se\/wp-content\/uploads\/2023\/09\/Askalen_Munkflohogen5-1-scaled.jpg","datePublished":"2020-04-21T09:11:19+00:00","dateModified":"2024-01-30T15:24:09+00:00","breadcrumb":{"@id":"https:\/\/www.vasavind.se\/en\/vasa-vind-commissions-askalen-wind-farm\/#breadcrumb"},"inLanguage":"en-US","potentialAction":[{"@type":"ReadAction","target":["https:\/\/www.vasavind.se\/en\/vasa-vind-commissions-askalen-wind-farm\/"]}]},{"@type":"ImageObject","inLanguage":"en-US","@id":"https:\/\/www.vasavind.se\/en\/vasa-vind-commissions-askalen-wind-farm\/#primaryimage","url":"https:\/\/www.vasavind.se\/wp-content\/uploads\/2023\/09\/Askalen_Munkflohogen5-1-scaled.jpg","contentUrl":"https:\/\/www.vasavind.se\/wp-content\/uploads\/2023\/09\/Askalen_Munkflohogen5-1-scaled.jpg","width":2560,"height":1662},{"@type":"BreadcrumbList","@id":"https:\/\/www.vasavind.se\/en\/vasa-vind-commissions-askalen-wind-farm\/#breadcrumb","itemListElement":[{"@type":"ListItem","position":1,"name":"Hem","item":"https:\/\/www.vasavind.se\/en\/vasa-vind\/"},{"@type":"ListItem","position":2,"name":"Vasa Vind commissions \u00c5sk\u00e4len wind farm"}]},{"@type":"WebSite","@id":"https:\/\/www.vasavind.se\/#website","url":"https:\/\/www.vasavind.se\/","name":"Vasa Vind","description":"F\u00f6rnybar energi f\u00f6r en h\u00e5llbar framtid","publisher":{"@id":"https:\/\/www.vasavind.se\/#organization"},"potentialAction":[{"@type":"SearchAction","target":{"@type":"EntryPoint","urlTemplate":"https:\/\/www.vasavind.se\/?s={search_term_string}"},"query-input":{"@type":"PropertyValueSpecification","valueRequired":true,"valueName":"search_term_string"}}],"inLanguage":"en-US"},{"@type":"Organization","@id":"https:\/\/www.vasavind.se\/#organization","name":"Vasa Vind","url":"https:\/\/www.vasavind.se\/","logo":{"@type":"ImageObject","inLanguage":"en-US","@id":"https:\/\/www.vasavind.se\/#\/schema\/logo\/image\/","url":"https:\/\/www.vasavind.se\/wp-content\/uploads\/2023\/09\/vasavind.png","contentUrl":"https:\/\/www.vasavind.se\/wp-content\/uploads\/2023\/09\/vasavind.png","width":1063,"height":368,"caption":"Vasa Vind"},"image":{"@id":"https:\/\/www.vasavind.se\/#\/schema\/logo\/image\/"}},{"@type":"Person","@id":"https:\/\/www.vasavind.se\/#\/schema\/person\/649fd5ba5ae61df18807ba5ee94a610a","name":"Anna Kuhlefelt","image":{"@type":"ImageObject","inLanguage":"en-US","@id":"https:\/\/secure.gravatar.com\/avatar\/2d639f70859fbaef2e6da946502f421d52a45e9230e81ee40bb62829c2ce2069?s=96&d=mm&r=g","url":"https:\/\/secure.gravatar.com\/avatar\/2d639f70859fbaef2e6da946502f421d52a45e9230e81ee40bb62829c2ce2069?s=96&d=mm&r=g","contentUrl":"https:\/\/secure.gravatar.com\/avatar\/2d639f70859fbaef2e6da946502f421d52a45e9230e81ee40bb62829c2ce2069?s=96&d=mm&r=g","caption":"Anna Kuhlefelt"},"sameAs":["https:\/\/www.vasavind.se"]}]}},"_links":{"self":[{"href":"https:\/\/www.vasavind.se\/en\/wp-json\/wp\/v2\/posts\/3600","targetHints":{"allow":["GET"]}}],"collection":[{"href":"https:\/\/www.vasavind.se\/en\/wp-json\/wp\/v2\/posts"}],"about":[{"href":"https:\/\/www.vasavind.se\/en\/wp-json\/wp\/v2\/types\/post"}],"author":[{"embeddable":true,"href":"https:\/\/www.vasavind.se\/en\/wp-json\/wp\/v2\/users\/3"}],"replies":[{"embeddable":true,"href":"https:\/\/www.vasavind.se\/en\/wp-json\/wp\/v2\/comments?post=3600"}],"version-history":[{"count":1,"href":"https:\/\/www.vasavind.se\/en\/wp-json\/wp\/v2\/posts\/3600\/revisions"}],"predecessor-version":[{"id":3601,"href":"https:\/\/www.vasavind.se\/en\/wp-json\/wp\/v2\/posts\/3600\/revisions\/3601"}],"wp:featuredmedia":[{"embeddable":true,"href":"https:\/\/www.vasavind.se\/en\/wp-json\/wp\/v2\/media\/3003"}],"wp:attachment":[{"href":"https:\/\/www.vasavind.se\/en\/wp-json\/wp\/v2\/media?parent=3600"}],"wp:term":[{"taxonomy":"category","embeddable":true,"href":"https:\/\/www.vasavind.se\/en\/wp-json\/wp\/v2\/categories?post=3600"},{"taxonomy":"post_tag","embeddable":true,"href":"https:\/\/www.vasavind.se\/en\/wp-json\/wp\/v2\/tags?post=3600"}],"curies":[{"name":"wp","href":"https:\/\/api.w.org\/{rel}","templated":true}]}}